{"id":278,"date":"2023-04-05T13:51:55","date_gmt":"2023-04-05T13:51:55","guid":{"rendered":"https:\/\/weinbau-haller.at\/?p=278"},"modified":"2023-04-05T13:51:57","modified_gmt":"2023-04-05T13:51:57","slug":"weinmessen-fruehjahr-2023","status":"publish","type":"post","link":"https:\/\/weinbau-haller.at\/?p=278","title":{"rendered":"Weinmessen Fr\u00fchjahr 2023"},"content":{"rendered":"\n<p>Wir freuen uns, auf folgenden Messen unsere neuen Jahrg\u00e4nge zu pr\u00e4sentieren. Besucht unseren Stand und \u00fcberzeugt euch selbst bei der Verkostung von unseren Weinen!<\/p>\n\n\n\n<figure class=\"wp-block-image size-large\"><img loading=\"lazy\" decoding=\"async\" width=\"477\" height=\"1024\" src=\"https:\/\/weinbau-haller.at\/wp-content\/uploads\/2023\/04\/Attnang-2023-477x1024.jpg\" alt=\"\" class=\"wp-image-279\" srcset=\"https:\/\/weinbau-haller.at\/wp-content\/uploads\/2023\/04\/Attnang-2023-477x1024.jpg 477w, https:\/\/weinbau-haller.at\/wp-content\/uploads\/2023\/04\/Attnang-2023-140x300.jpg 140w, https:\/\/weinbau-haller.at\/wp-content\/uploads\/2023\/04\/Attnang-2023-715x1536.jpg 715w, https:\/\/weinbau-haller.at\/wp-content\/uploads\/2023\/04\/Attnang-2023-300x644.jpg 300w, https:\/\/weinbau-haller.at\/wp-content\/uploads\/2023\/04\/Attnang-2023-600x1289.jpg 600w, https:\/\/weinbau-haller.at\/wp-content\/uploads\/2023\/04\/Attnang-2023.jpg 745w\" sizes=\"auto, (max-width: 477px) 100vw, 477px\" \/><figcaption>Attnang-Puchheim<\/figcaption><\/figure>\n\n\n\n<p><\/p>\n\n\n\n<p><\/p>\n\n\n\n<figure class=\"wp-block-image size-full\"><img loading=\"lazy\" decoding=\"async\" width=\"665\" height=\"800\" src=\"https:\/\/weinbau-haller.at\/wp-content\/uploads\/2023\/04\/vinobile-2023.jpg\" alt=\"\" class=\"wp-image-280\" srcset=\"https:\/\/weinbau-haller.at\/wp-content\/uploads\/2023\/04\/vinobile-2023.jpg 665w, https:\/\/weinbau-haller.at\/wp-content\/uploads\/2023\/04\/vinobile-2023-249x300.jpg 249w, https:\/\/weinbau-haller.at\/wp-content\/uploads\/2023\/04\/vinobile-2023-300x361.jpg 300w, https:\/\/weinbau-haller.at\/wp-content\/uploads\/2023\/04\/vinobile-2023-600x722.jpg 600w\" sizes=\"auto, (max-width: 665px) 100vw, 665px\" \/><figcaption>Feldkirch<\/figcaption><\/figure>\n","protected":false},"excerpt":{"rendered":"<p>Wir freuen uns, auf folgenden Messen unsere neuen Jahrg\u00e4nge zu pr\u00e4sentieren. Besucht unseren Stand und \u00fcberzeugt euch selbst bei der Verkostung von unseren Weinen!<\/p>\n","protected":false},"author":2,"featured_media":0,"comment_status":"open","ping_status":"open","sticky":false,"template":"","format":"standard","meta":{"neve_meta_sidebar":"","neve_meta_container":"","neve_meta_enable_content_width":"","neve_meta_content_width":0,"neve_meta_title_alignment":"","neve_meta_author_avatar":"","neve_post_elements_order":"","neve_meta_disable_header":"","neve_meta_disable_footer":"","neve_meta_disable_title":"","_themeisle_gutenberg_block_has_review":false,"footnotes":""},"categories":[1],"tags":[],"class_list":["post-278","post","type-post","status-publish","format-standard","hentry","category-uncategorized"],"_links":{"self":[{"href":"https:\/\/weinbau-haller.at\/index.php?rest_route=\/wp\/v2\/posts\/278","targetHints":{"allow":["GET"]}}],"collection":[{"href":"https:\/\/weinbau-haller.at\/index.php?rest_route=\/wp\/v2\/posts"}],"about":[{"href":"https:\/\/weinbau-haller.at\/index.php?rest_route=\/wp\/v2\/types\/post"}],"author":[{"embeddable":true,"href":"https:\/\/weinbau-haller.at\/index.php?rest_route=\/wp\/v2\/users\/2"}],"replies":[{"embeddable":true,"href":"https:\/\/weinbau-haller.at\/index.php?rest_route=%2Fwp%2Fv2%2Fcomments&post=278"}],"version-history":[{"count":1,"href":"https:\/\/weinbau-haller.at\/index.php?rest_route=\/wp\/v2\/posts\/278\/revisions"}],"predecessor-version":[{"id":281,"href":"https:\/\/weinbau-haller.at\/index.php?rest_route=\/wp\/v2\/posts\/278\/revisions\/281"}],"wp:attachment":[{"href":"https:\/\/weinbau-haller.at\/index.php?rest_route=%2Fwp%2Fv2%2Fmedia&parent=278"}],"wp:term":[{"taxonomy":"category","embeddable":true,"href":"https:\/\/weinbau-haller.at\/index.php?rest_route=%2Fwp%2Fv2%2Fcategories&post=278"},{"taxonomy":"post_tag","embeddable":true,"href":"https:\/\/weinbau-haller.at\/index.php?rest_route=%2Fwp%2Fv2%2Ftags&post=278"}],"curies":[{"name":"wp","href":"https:\/\/api.w.org\/{rel}","templated":true}]}}